{"id":10035,"date":"2026-03-02T03:51:47","date_gmt":"2026-03-02T03:51:47","guid":{"rendered":"https:\/\/nataliabejar.com\/?p=10035"},"modified":"2026-03-02T03:57:42","modified_gmt":"2026-03-02T03:57:42","slug":"entrevista-con-iqrar-ul-hassan-reconocido-periodista-pakistani","status":"publish","type":"post","link":"https:\/\/nataliabejar.com\/en\/entrevistas\/entrevista-con-iqrar-ul-hassan-reconocido-periodista-pakistani\/","title":{"rendered":"<strong>Entrevista con Iqrar Ul Hassan, reconocido periodista pakistan\u00ed<\/strong>"},"content":{"rendered":"<div data-elementor-type=\"wp-post\" data-elementor-id=\"10035\" class=\"elementor elementor-10035\">\n\t\t\t\t\t\t<section class=\"elementor-section elementor-top-section elementor-element elementor-element-430fa43 elementor-section-boxed elementor-section-height-default elementor-section-height-default\" data-id=\"430fa43\" data-element_type=\"section\">\n\t\t\t\t\t\t<div class=\"elementor-container elementor-column-gap-default\">\n\t\t\t\t\t<div class=\"elementor-column elementor-col-100 elementor-top-column elementor-element elementor-element-f2a6b3b\" data-id=\"f2a6b3b\" data-element_type=\"column\">\n\t\t\t<div class=\"elementor-widget-wrap elementor-element-populated\">\n\t\t\t\t\t\t<div class=\"elementor-element elementor-element-7cedbc1 elementor-widget elementor-widget-text-editor\" data-id=\"7cedbc1\" data-element_type=\"widget\" data-widget_type=\"text-editor.default\">\n\t\t\t\t<div class=\"elementor-widget-container\">\n\t\t\t\t\t\t\t<p style=\"caret-color: #000000; color: #000000;\" data-start=\"284\" data-end=\"700\">Durante mi estancia en el Reino Unido tambi\u00e9n tuve la oportunidad de conversar con\u00a0<strong data-start=\"367\" data-end=\"408\">Iqrar Ul Hassan<\/strong>, uno de los periodistas m\u00e1s reconocidos de Pakist\u00e1n. Iqrar es conocido por su trabajo en periodismo de investigaci\u00f3n y por conducir el programa televisivo\u00a0<em data-start=\"564\" data-end=\"603\">Sar e Aam<\/em>, donde ha abordado temas sociales complejos y ha denunciado diferentes problem\u00e1ticas en su pa\u00eds.<\/p><p style=\"caret-color: #000000; color: #000000;\" data-start=\"702\" data-end=\"947\">Hablar con \u00e9l fue una experiencia muy interesante porque la conversaci\u00f3n no solo gir\u00f3 en torno al monta\u00f1ismo, sino tambi\u00e9n a la disciplina, la resiliencia y c\u00f3mo los desaf\u00edos en la monta\u00f1a pueden ense\u00f1arnos lecciones para la vida y el liderazgo.<\/p><p style=\"caret-color: #000000; color: #000000;\" data-start=\"949\" data-end=\"1068\">La entrevista se titula\u00a0<strong data-start=\"973\" data-end=\"1037\">\u201cConquering the Impossible: Climb to Unstoppable Leadership\u201d<\/strong>, y aqu\u00ed pueden verla completa:\u00a0<a style=\"font-family: var( --e-global-typography-text-font-family ), Sans-serif; font-size: 1rem;\" href=\"https:\/\/www.youtube.com\/watch?v=qYPwvfF5XYA\">https:\/\/www.youtube.com\/watch?v=qYPwvfF5XYA<\/a><\/p>\t\t\t\t\t\t<\/div>\n\t\t\t\t<\/div>\n\t\t\t\t\t<\/div>\n\t\t<\/div>\n\t\t\t\t\t<\/div>\n\t\t<\/section>\n\t\t\t\t<section class=\"elementor-section elementor-top-section elementor-element elementor-element-7800118 elementor-section-boxed elementor-section-height-default elementor-section-height-default\" data-id=\"7800118\" data-element_type=\"section\">\n\t\t\t\t\t\t<div class=\"elementor-container elementor-column-gap-default\">\n\t\t\t\t\t<div class=\"elementor-column elementor-col-100 elementor-top-column elementor-element elementor-element-3610dc7\" data-id=\"3610dc7\" data-element_type=\"column\">\n\t\t\t<div class=\"elementor-widget-wrap elementor-element-populated\">\n\t\t\t\t\t\t<div class=\"elementor-element elementor-element-6d20c27 elementor-widget elementor-widget-video\" data-id=\"6d20c27\" data-element_type=\"widget\" data-settings=\"{&quot;youtube_url&quot;:&quot;https:\\\/\\\/www.youtube.com\\\/watch?v=qYPwvfF5XYA&quot;,&quot;video_type&quot;:&quot;youtube&quot;,&quot;controls&quot;:&quot;yes&quot;}\" data-widget_type=\"video.default\">\n\t\t\t\t<div class=\"elementor-widget-container\">\n\t\t\t\t\t<div class=\"elementor-wrapper elementor-open-inline\">\n\t\t\t<div class=\"elementor-video\"><\/div>\t\t<\/div>\n\t\t\t\t<\/div>\n\t\t\t\t<\/div>\n\t\t\t\t\t<\/div>\n\t\t<\/div>\n\t\t\t\t\t<\/div>\n\t\t<\/section>\n\t\t\t\t<\/div>","protected":false},"excerpt":{"rendered":"<p>Durante mi estancia en el Reino Unido tambi\u00e9n tuve la oportunidad de conversar con&nbsp;Iqrar Ul Hassan, uno de los periodistas m\u00e1s reconocidos de Pakist\u00e1n. Iqrar es conocido por su trabajo en periodismo de investigaci\u00f3n y por conducir el programa televisivo&nbsp;Sar e Aam, donde ha abordado temas sociales complejos y ha denunciado diferentes problem\u00e1ticas en su [&hellip;]<\/p>\n","protected":false},"author":1,"featured_media":10041,"comment_status":"open","ping_status":"open","sticky":false,"template":"","format":"standard","meta":{"om_disable_all_campaigns":false,"_monsterinsights_skip_tracking":false,"_monsterinsights_sitenote_active":false,"_monsterinsights_sitenote_note":"","_monsterinsights_sitenote_category":0,"_uf_show_specific_survey":0,"_uf_disable_surveys":false},"categories":[51],"tags":[],"aioseo_notices":[],"_links":{"self":[{"href":"https:\/\/nataliabejar.com\/en\/wp-json\/wp\/v2\/posts\/10035"}],"collection":[{"href":"https:\/\/nataliabejar.com\/en\/wp-json\/wp\/v2\/posts"}],"about":[{"href":"https:\/\/nataliabejar.com\/en\/wp-json\/wp\/v2\/types\/post"}],"author":[{"embeddable":true,"href":"https:\/\/nataliabejar.com\/en\/wp-json\/wp\/v2\/users\/1"}],"replies":[{"embeddable":true,"href":"https:\/\/nataliabejar.com\/en\/wp-json\/wp\/v2\/comments?post=10035"}],"version-history":[{"count":5,"href":"https:\/\/nataliabejar.com\/en\/wp-json\/wp\/v2\/posts\/10035\/revisions"}],"predecessor-version":[{"id":10042,"href":"https:\/\/nataliabejar.com\/en\/wp-json\/wp\/v2\/posts\/10035\/revisions\/10042"}],"wp:featuredmedia":[{"embeddable":true,"href":"https:\/\/nataliabejar.com\/en\/wp-json\/wp\/v2\/media\/10041"}],"wp:attachment":[{"href":"https:\/\/nataliabejar.com\/en\/wp-json\/wp\/v2\/media?parent=10035"}],"wp:term":[{"taxonomy":"category","embeddable":true,"href":"https:\/\/nataliabejar.com\/en\/wp-json\/wp\/v2\/categories?post=10035"},{"taxonomy":"post_tag","embeddable":true,"href":"https:\/\/nataliabejar.com\/en\/wp-json\/wp\/v2\/tags?post=10035"}],"curies":[{"name":"wp","href":"https:\/\/api.w.org\/{rel}","templated":true}]}}