{"id":8945,"date":"2022-01-01T03:52:00","date_gmt":"2022-01-01T03:52:00","guid":{"rendered":"https:\/\/nataliabejar.com\/?p=8945"},"modified":"2022-06-13T05:32:50","modified_gmt":"2022-06-13T05:32:50","slug":"preservando","status":"publish","type":"post","link":"https:\/\/nataliabejar.com\/en\/proyectos\/preservando\/","title":{"rendered":"Preserving, socio-environmental project"},"content":{"rendered":"<p>Felipe and I founded &quot;Preservando&quot; at the beginning of 2022. A project that seeks to reduce the impact of socio-environmental problems in environments near mountains.<\/p>\n\n\n\n<p>Preserving addresses our great passions: the mountains, socio-environmental responsibility and innovation in project management. Therefore, it is a satisfaction for both of us to dedicate part of our free time to this project.<\/p>\n\n\n\n<p>Learn about the campaigns we have carried out:<\/p>\n\n\n\n<hr class=\"wp-block-separator\"\/>\n\n\n\n<h2>Cleaning of glaciers in Huascar\u00e1n \u2013 Peru<\/h2>\n\n\n\n<hr class=\"wp-block-separator\"\/>\n\n\n\n<p>Thanks to the information provided by the ANA, the National Water Authority, the removal of sediment from the Base Camp area in Huascar\u00e1n was carried out.<\/p>\n\n\n\n<figure class=\"is-layout-flex wp-block-gallery-1 wp-block-gallery has-nested-images columns-default is-cropped\">\n<figure class=\"wp-block-image size-large\"><img fetchpriority=\"high\" decoding=\"async\" width=\"576\" height=\"1024\" data-id=\"8947\"  src=\"https:\/\/nataliabejar.com\/wp-content\/uploads\/2022\/04\/IMG_7806-576x1024.jpg\" alt=\"\" class=\"wp-image-8947\" srcset=\"https:\/\/nataliabejar.com\/wp-content\/uploads\/2022\/04\/IMG_7806-576x1024.jpg 576w, https:\/\/nataliabejar.com\/wp-content\/uploads\/2022\/04\/IMG_7806-169x300.jpg 169w, https:\/\/nataliabejar.com\/wp-content\/uploads\/2022\/04\/IMG_7806.jpg 750w\" sizes=\"(max-width: 576px) 100vw, 576px\" \/><\/figure>\n<figcaption class=\"blocks-gallery-caption\">July 2021<\/figcaption><\/figure>\n\n\n\n<hr class=\"wp-block-separator\"\/>\n\n\n\n<h2>San Mateo Viewpoint Cleaning \u2013 Peru<\/h2>\n\n\n\n<hr class=\"wp-block-separator\"\/>\n\n\n\n<p>Cleaning of 2 kilometers of route collecting approximately: 8 masks, 15 bottles, 50 wraps, mainly.<\/p>\n\n\n\n<figure class=\"wp-block-image size-large\"><img decoding=\"async\" width=\"641\" height=\"1024\" src=\"https:\/\/nataliabejar.com\/wp-content\/uploads\/2022\/04\/IMG_7803-641x1024.jpg\" alt=\"\" class=\"wp-image-8948\" srcset=\"https:\/\/nataliabejar.com\/wp-content\/uploads\/2022\/04\/IMG_7803-641x1024.jpg 641w, https:\/\/nataliabejar.com\/wp-content\/uploads\/2022\/04\/IMG_7803-188x300.jpg 188w, https:\/\/nataliabejar.com\/wp-content\/uploads\/2022\/04\/IMG_7803.jpg 750w\" sizes=\"(max-width: 641px) 100vw, 641px\" \/><figcaption>February 2022<\/figcaption><\/figure>\n\n\n\n<hr class=\"wp-block-separator\"\/>\n\n\n\n<h2>Carrying Hope \u2013 Nepal<\/h2>\n\n\n\n<hr class=\"wp-block-separator\"\/>\n\n\n\n<p>Warm clothing collection campaign for the relatives of the Sherpas of Seduwa, Makalu in Nepal. Made with the support of the Nepalese tourism agency 8k Expeditions.<\/p>\n\n\n\n<figure class=\"wp-block-image size-full is-resized\"><img decoding=\"async\" src=\"https:\/\/nataliabejar.com\/wp-content\/uploads\/2022\/04\/c7d0dece-a503-487d-a64e-e76c7f9c1495.jpg\" alt=\"\" class=\"wp-image-8906\" width=\"840\" height=\"488\" srcset=\"https:\/\/nataliabejar.com\/wp-content\/uploads\/2022\/04\/c7d0dece-a503-487d-a64e-e76c7f9c1495.jpg 1024w, https:\/\/nataliabejar.com\/wp-content\/uploads\/2022\/04\/c7d0dece-a503-487d-a64e-e76c7f9c1495-300x174.jpg 300w, https:\/\/nataliabejar.com\/wp-content\/uploads\/2022\/04\/c7d0dece-a503-487d-a64e-e76c7f9c1495-768x446.jpg 768w\" sizes=\"(max-width: 840px) 100vw, 840px\" \/><figcaption>March 2022<\/figcaption><\/figure>\n\n\n\n<hr class=\"wp-block-separator\"\/>\n\n\n\n<h2>Everest Base Camp Cleanup \u2013 Nepal<\/h2>\n\n\n\n<hr class=\"wp-block-separator\"\/>\n\n\n\n<p>Cleaning of 4 kilometers of route collecting approximately: 80 cigarette butts and 100 wrappers, mainly.<\/p>\n\n\n\n<figure class=\"wp-block-image size-large\"><img loading=\"lazy\" decoding=\"async\" width=\"929\" height=\"1024\" src=\"https:\/\/nataliabejar.com\/wp-content\/uploads\/2022\/04\/Screen-Shot-2022-04-05-at-21.29.39-929x1024.png\" alt=\"\" class=\"wp-image-8915\" srcset=\"https:\/\/nataliabejar.com\/wp-content\/uploads\/2022\/04\/Screen-Shot-2022-04-05-at-21.29.39-929x1024.png 929w, https:\/\/nataliabejar.com\/wp-content\/uploads\/2022\/04\/Screen-Shot-2022-04-05-at-21.29.39-272x300.png 272w, https:\/\/nataliabejar.com\/wp-content\/uploads\/2022\/04\/Screen-Shot-2022-04-05-at-21.29.39-768x846.png 768w, https:\/\/nataliabejar.com\/wp-content\/uploads\/2022\/04\/Screen-Shot-2022-04-05-at-21.29.39.png 1038w\" sizes=\"(max-width: 929px) 100vw, 929px\" \/><figcaption>March 2022<\/figcaption><\/figure>\n\n\n\n<hr class=\"wp-block-separator\"\/>\n\n\n\n<h2>Informative post for World Environment Day <\/h2>\n\n\n\n<hr class=\"wp-block-separator\"\/>\n\n\n\n<p>We have prepared a post with nine easy daily activities to reduce the negative impact on the environment<\/p>\n\n\n\n<figure class=\"is-layout-flex wp-block-gallery-3 wp-block-gallery has-nested-images columns-default is-cropped\">\n<figure class=\"wp-block-image size-large\"><img loading=\"lazy\" decoding=\"async\" width=\"1042\" height=\"1394\" data-id=\"9057\"  src=\"https:\/\/nataliabejar.com\/wp-content\/uploads\/2022\/06\/Screen-Shot-2022-06-05-at-18.46.56.png\" alt=\"\" class=\"wp-image-9057\" srcset=\"https:\/\/nataliabejar.com\/wp-content\/uploads\/2022\/06\/Screen-Shot-2022-06-05-at-18.46.56.png 1042w, https:\/\/nataliabejar.com\/wp-content\/uploads\/2022\/06\/Screen-Shot-2022-06-05-at-18.46.56-224x300.png 224w, https:\/\/nataliabejar.com\/wp-content\/uploads\/2022\/06\/Screen-Shot-2022-06-05-at-18.46.56-765x1024.png 765w, https:\/\/nataliabejar.com\/wp-content\/uploads\/2022\/06\/Screen-Shot-2022-06-05-at-18.46.56-768x1027.png 768w\" sizes=\"(max-width: 1042px) 100vw, 1042px\" \/><\/figure>\n<figcaption class=\"blocks-gallery-caption\">June 2022<\/figcaption><\/figure>\n\n\n\n<p> Currently, we have been working on developing more campaigns that allow us to continue impacting our environment and surrounding communities.<\/p>","protected":false},"excerpt":{"rendered":"<p>Felipe y yo fundamos &#8220;Preservando&#8221; a inicios de 2022. Proyecto que busca reducir el impacto de problem\u00e1ticas socio-ambientales en entornos cercanos a monta\u00f1as. Preservando, aborda nuestras grandes pasiones: las monta\u00f1as, responsabilidad socio-ambiental e innovaci\u00f3n en la gesti\u00f3n de proyectos. Por ello, es una satisfacci\u00f3n para ambos dedicar parte de nuestros tiempos libres a este proyecto. [&hellip;]<\/p>\n","protected":false},"author":1,"featured_media":8955,"comment_status":"open","ping_status":"open","sticky":false,"template":"","format":"standard","meta":{"om_disable_all_campaigns":false,"_monsterinsights_skip_tracking":false,"_monsterinsights_sitenote_active":false,"_monsterinsights_sitenote_note":"","_monsterinsights_sitenote_category":0,"_uf_show_specific_survey":0,"_uf_disable_surveys":false},"categories":[31],"tags":[],"aioseo_notices":[],"_links":{"self":[{"href":"https:\/\/nataliabejar.com\/en\/wp-json\/wp\/v2\/posts\/8945"}],"collection":[{"href":"https:\/\/nataliabejar.com\/en\/wp-json\/wp\/v2\/posts"}],"about":[{"href":"https:\/\/nataliabejar.com\/en\/wp-json\/wp\/v2\/types\/post"}],"author":[{"embeddable":true,"href":"https:\/\/nataliabejar.com\/en\/wp-json\/wp\/v2\/users\/1"}],"replies":[{"embeddable":true,"href":"https:\/\/nataliabejar.com\/en\/wp-json\/wp\/v2\/comments?post=8945"}],"version-history":[{"count":10,"href":"https:\/\/nataliabejar.com\/en\/wp-json\/wp\/v2\/posts\/8945\/revisions"}],"predecessor-version":[{"id":9091,"href":"https:\/\/nataliabejar.com\/en\/wp-json\/wp\/v2\/posts\/8945\/revisions\/9091"}],"wp:featuredmedia":[{"embeddable":true,"href":"https:\/\/nataliabejar.com\/en\/wp-json\/wp\/v2\/media\/8955"}],"wp:attachment":[{"href":"https:\/\/nataliabejar.com\/en\/wp-json\/wp\/v2\/media?parent=8945"}],"wp:term":[{"taxonomy":"category","embeddable":true,"href":"https:\/\/nataliabejar.com\/en\/wp-json\/wp\/v2\/categories?post=8945"},{"taxonomy":"post_tag","embeddable":true,"href":"https:\/\/nataliabejar.com\/en\/wp-json\/wp\/v2\/tags?post=8945"}],"curies":[{"name":"wp","href":"https:\/\/api.w.org\/{rel}","templated":true}]}}