{"id":977,"date":"2021-04-22T08:02:00","date_gmt":"2021-04-22T08:02:00","guid":{"rendered":"https:\/\/nataliabejar.com\/?p=977"},"modified":"2021-06-30T05:42:08","modified_gmt":"2021-06-30T05:42:08","slug":"plansostenibilidadpersonal","status":"publish","type":"post","link":"https:\/\/nataliabejar.com\/en\/sostenibilidad\/plansostenibilidadpersonal\/","title":{"rendered":"Is it important to have a personal sustainability plan?"},"content":{"rendered":"<p>I asked myself this question a couple of weeks ago, since the accumulation of everyone&#039;s actions generates a mark on our environment.<\/p>\n\n\n\n<p>The impact we have on our environment is worrying in Latin America, for example, the <a href=\"https:\/\/www.nytimes.com\/es\/2017\/08\/04\/espanol\/sondeo-amenazas-estado-islamico-cambio-climatico.html\">New York Times (2017)<\/a> points out that 74% of Latin Americans consider climate change to be one of the most important global risks. <\/p>\n\n\n\n<p>Fortunately, there are tools that allow you to measure your personal carbon footprint, such is the example of<a href=\"https:\/\/calcula.mihuella.cl\">&nbsp;Greenbusiness Ltda.&nbsp;<\/a>which has a portal where anyone can calculate their carbon footprint, based on data on energy consumption at home, transport and consumption and waste habits.&nbsp;<\/p>\n\n\n\n<p>The actions we take to reduce our impact on the environment can be established in a personal sustainability plan, which guides our actions and allows us to measure our own progress. That is why I adapted the goals of the following SDGs to make a baseline in order to reduce my carbon footprint:<\/p>\n\n\n\n<ul><li>SDG 11 &quot;Sustainable cities and communities&quot;: Strengthening mobility habits where low levels of environmental pollution are emitted. Likewise, avoiding the contamination of the city by following the cleaning patterns established by the Local Government. <\/li><li>SDG 12 \u201cResponsible Production and Consumption\u201d: Strengthening good practices regarding the 3Rs (reduce, reuse, recycle), as well as promoting lifestyles that are in harmony with nature. <\/li><li>SDG 13 \u201cClimate Action\u201d: Adopting measures to reduce the pollution that I emit within my environment. Also, generating an environmental culture within my home to reduce my impact on the environment.<\/li><\/ul>\n\n\n\n<figure class=\"is-layout-flex wp-block-gallery-1 wp-block-gallery columns-1 is-cropped\"><ul class=\"blocks-gallery-grid\"><li class=\"blocks-gallery-item\"><figure><img fetchpriority=\"high\" decoding=\"async\" width=\"1024\" height=\"813\" src=\"https:\/\/nataliabejar.com\/wp-content\/uploads\/2021\/06\/Screen-Shot-2021-06-29-at-21.53.46-1024x813.png\" alt=\"\" data-id=\"8577\" data-full-url=\"https:\/\/nataliabejar.com\/wp-content\/uploads\/2021\/06\/Screen-Shot-2021-06-29-at-21.53.46.png\" data-link=\"https:\/\/nataliabejar.com\/2021\/04\/22\/plansostenibilidadpersonal\/screen-shot-2021-06-29-at-21-53-46\/\" class=\"wp-image-8577\" srcset=\"https:\/\/nataliabejar.com\/wp-content\/uploads\/2021\/06\/Screen-Shot-2021-06-29-at-21.53.46-1024x813.png 1024w, https:\/\/nataliabejar.com\/wp-content\/uploads\/2021\/06\/Screen-Shot-2021-06-29-at-21.53.46-300x238.png 300w, https:\/\/nataliabejar.com\/wp-content\/uploads\/2021\/06\/Screen-Shot-2021-06-29-at-21.53.46-768x610.png 768w, https:\/\/nataliabejar.com\/wp-content\/uploads\/2021\/06\/Screen-Shot-2021-06-29-at-21.53.46-1536x1220.png 1536w, https:\/\/nataliabejar.com\/wp-content\/uploads\/2021\/06\/Screen-Shot-2021-06-29-at-21.53.46-2048x1627.png 2048w, https:\/\/nataliabejar.com\/wp-content\/uploads\/2021\/06\/Screen-Shot-2021-06-29-at-21.53.46-16x12.png 16w\" sizes=\"(max-width: 1024px) 100vw, 1024px\" \/><\/figure><\/li><\/ul><\/figure>","protected":false},"excerpt":{"rendered":"<p>Me hice esta pregunta hace un par de semanas, ya que, la acumulaci\u00f3n del accionar de todos genera una huella en nuestro medio ambiente. El impacto que tenemos en nuestro entorno es preocupante en Latinoam\u00e9rica, por ejemplo, el New York Times (2017) se\u00f1ala que el 74% de los latinoamericanos considera que el cambio clim\u00e1tico es [&hellip;]<\/p>\n","protected":false},"author":1,"featured_media":7953,"comment_status":"open","ping_status":"open","sticky":false,"template":"","format":"standard","meta":{"om_disable_all_campaigns":false,"_monsterinsights_skip_tracking":false,"_monsterinsights_sitenote_active":false,"_monsterinsights_sitenote_note":"","_monsterinsights_sitenote_category":0,"_uf_show_specific_survey":0,"_uf_disable_surveys":false},"categories":[40],"tags":[],"aioseo_notices":[],"_links":{"self":[{"href":"https:\/\/nataliabejar.com\/en\/wp-json\/wp\/v2\/posts\/977"}],"collection":[{"href":"https:\/\/nataliabejar.com\/en\/wp-json\/wp\/v2\/posts"}],"about":[{"href":"https:\/\/nataliabejar.com\/en\/wp-json\/wp\/v2\/types\/post"}],"author":[{"embeddable":true,"href":"https:\/\/nataliabejar.com\/en\/wp-json\/wp\/v2\/users\/1"}],"replies":[{"embeddable":true,"href":"https:\/\/nataliabejar.com\/en\/wp-json\/wp\/v2\/comments?post=977"}],"version-history":[{"count":2,"href":"https:\/\/nataliabejar.com\/en\/wp-json\/wp\/v2\/posts\/977\/revisions"}],"predecessor-version":[{"id":8578,"href":"https:\/\/nataliabejar.com\/en\/wp-json\/wp\/v2\/posts\/977\/revisions\/8578"}],"wp:featuredmedia":[{"embeddable":true,"href":"https:\/\/nataliabejar.com\/en\/wp-json\/wp\/v2\/media\/7953"}],"wp:attachment":[{"href":"https:\/\/nataliabejar.com\/en\/wp-json\/wp\/v2\/media?parent=977"}],"wp:term":[{"taxonomy":"category","embeddable":true,"href":"https:\/\/nataliabejar.com\/en\/wp-json\/wp\/v2\/categories?post=977"},{"taxonomy":"post_tag","embeddable":true,"href":"https:\/\/nataliabejar.com\/en\/wp-json\/wp\/v2\/tags?post=977"}],"curies":[{"name":"wp","href":"https:\/\/api.w.org\/{rel}","templated":true}]}}